{"id":376,"date":"2019-01-15T15:06:06","date_gmt":"2019-01-15T17:06:06","guid":{"rendered":"https:\/\/picchioni.com.br\/blog\/?p=376"},"modified":"2019-01-15T17:01:44","modified_gmt":"2019-01-15T19:01:44","slug":"o-lago-de-como-na-italia-e-imperdivel","status":"publish","type":"post","link":"https:\/\/picchioni.com.br\/blog\/o-lago-de-como-na-italia-e-imperdivel\/","title":{"rendered":"O Lago de Como, na It\u00e1lia, \u00e9 imperd\u00edvel"},"content":{"rendered":"<p><span style=\"font-weight: 400;\">Pense em um lugar que de t\u00e3o lindo, hipnotiza. O <strong>Lago de Como<\/strong>, na regi\u00e3o da <strong>Lombardia<\/strong>, norte d<\/span>a <strong>It\u00e1lia<\/strong>, \u00e9 assim. Bem pertinho da fronteira com a Sui\u00e7a, o destino surpreende por sua exuber\u00e2ncia com ar rom\u00e2ntico que n\u00e3o perde a ess\u00eancia Italiana: comida maravilhosa, vista deslumbrante e um \u00f3timo vinho.<\/p>\n<p><span style=\"font-weight: 400;\">O Lago de Como \u00e9 o <strong>terceiro maior lago do pa\u00eds<\/strong>, com 146km\u00b2, e tem diversas cidadezinhas espalhadas por sua margem. S\u00e3o algumas delas Cernobbio, Como, Bellagio, Varenna, Lecco, Tremezzina e mais. Nestas cidades, h\u00e1 muito o que visitar: pal\u00e1cios, villas, hot\u00e9is super luxuosos e centrinhos com \u00f3timas op\u00e7\u00f5es para comer. Podemos considerar como \u201cparadas obrigat\u00f3rias\u201d a Villa del Balbianello e a Villa Carlotta em Tremezzina, o Giardini di Villa Melzi em Bellagio, a Villa Monastero em Varenna e a Villa Olmo em Como. \u00a0<\/span><\/p>\n<p><img fetchpriority=\"high\" decoding=\"async\" class=\"aligncenter wp-image-378 size-large\" src=\"https:\/\/picchioni.com.br\/blog\/wp-content\/uploads\/2019\/01\/lagodicomo1-1024x768.jpg\" alt=\"\" width=\"1024\" height=\"768\" srcset=\"https:\/\/picchioni.com.br\/blog\/wp-content\/uploads\/2019\/01\/lagodicomo1-1024x768.jpg 1024w, https:\/\/picchioni.com.br\/blog\/wp-content\/uploads\/2019\/01\/lagodicomo1-300x225.jpg 300w, https:\/\/picchioni.com.br\/blog\/wp-content\/uploads\/2019\/01\/lagodicomo1-768x576.jpg 768w, https:\/\/picchioni.com.br\/blog\/wp-content\/uploads\/2019\/01\/lagodicomo1.jpg 1600w\" sizes=\"(max-width: 1024px) 100vw, 1024px\" \/><\/p>\n<p><span style=\"font-weight: 400;\">A <strong>melhor \u00e9poca<\/strong> para conhecer o Lago \u00e9 nos meses quentes, do<strong> final de mar\u00e7o \u00e0 in\u00edcio de outubro<\/strong>, mas durante a baixa temporada tamb\u00e9m \u00e9 um destino de respeito, embora alguns hot\u00e9is fecham quando n\u00e3o h\u00e1 muita procura. Para acessar o Lago de Como, a maneira mais f\u00e1cil \u00e9 alugando um carro nos aeroportos de Mil\u00e3o Malpensa (80km de dist\u00e2ncia), Mil\u00e3o Linate (95km de dist\u00e2ncia) ou do aeroporto de Lugano, na Sui\u00e7a (37km de dist\u00e2ncia). Para quem optar por ir de trem, deve pegar a parada \u201cCadorna\u201d em Mil\u00e3o e realizar o trajeto de cerca de uma hora at\u00e9 \u201cComo Nord Lago\u201d, a passagem custa cerca de 5 euros e pode ser adquirida em <\/span><a href=\"http:\/\/www.trenitalia.com\"><span style=\"font-weight: 400;\">www.trenitalia.com<\/span><\/a><span style=\"font-weight: 400;\"> .<\/span><\/p>\n<p><img decoding=\"async\" class=\"aligncenter size-large wp-image-379\" src=\"https:\/\/picchioni.com.br\/blog\/wp-content\/uploads\/2019\/01\/lagodicomo2-1024x768.jpg\" alt=\"\" width=\"1024\" height=\"768\" srcset=\"https:\/\/picchioni.com.br\/blog\/wp-content\/uploads\/2019\/01\/lagodicomo2-1024x768.jpg 1024w, https:\/\/picchioni.com.br\/blog\/wp-content\/uploads\/2019\/01\/lagodicomo2-300x225.jpg 300w, https:\/\/picchioni.com.br\/blog\/wp-content\/uploads\/2019\/01\/lagodicomo2-768x576.jpg 768w, https:\/\/picchioni.com.br\/blog\/wp-content\/uploads\/2019\/01\/lagodicomo2.jpg 1600w\" sizes=\"(max-width: 1024px) 100vw, 1024px\" \/><\/p>\n<p><span style=\"font-weight: 400;\">Para locomo\u00e7\u00e3o por l\u00e1, \u00e9 poss\u00edvel ficar de carro para conhecer as cidades vizinhas embora a maneira mais r\u00e1pida e f\u00e1cil seja pelas balsas que cruzam o lago constantemente.Para saber hor\u00e1rios das balsas, acesse <\/span><a href=\"http:\/\/www.navigazionelaghi.it\/\"><span style=\"font-weight: 400;\">http:\/\/www.navigazionelaghi.it\/<\/span><\/a><\/p>\n<p><span style=\"font-weight: 400;\">A moeda utilizada no Lago de Como \u00e9 o Euro, que pode ser adquirido na <a href=\"https:\/\/picchioni.com.br\/\">Picchioni C\u00e2mbio<\/a>.<\/span><\/p>\n","protected":false},"excerpt":{"rendered":"<p>Pense em um lugar que de t\u00e3o lindo, hipnotiza. O Lago de Como, na regi\u00e3o da Lombardia, norte da It\u00e1lia, \u00e9 assim. Bem pertinho da fronteira com a Sui\u00e7a, o destino surpreende por sua exuber\u00e2ncia com ar rom\u00e2ntico que n\u00e3o perde a ess\u00eancia Italiana: comida maravilhosa, vista deslumbrante e um \u00f3timo vinho. O Lago de [&hellip;]<\/p>\n","protected":false},"author":4,"featured_media":377,"comment_status":"open","ping_status":"open","sticky":false,"template":"","format":"standard","meta":{"ocean_post_layout":"","ocean_both_sidebars_style":"","ocean_both_sidebars_content_width":0,"ocean_both_sidebars_sidebars_width":0,"ocean_sidebar":"0","ocean_second_sidebar":"0","ocean_disable_margins":"enable","ocean_add_body_class":"","ocean_shortcode_before_top_bar":"","ocean_shortcode_after_top_bar":"","ocean_shortcode_before_header":"","ocean_shortcode_after_header":"","ocean_has_shortcode":"","ocean_shortcode_after_title":"","ocean_shortcode_before_footer_widgets":"","ocean_shortcode_after_footer_widgets":"","ocean_shortcode_before_footer_bottom":"","ocean_shortcode_after_footer_bottom":"","ocean_display_top_bar":"default","ocean_display_header":"default","ocean_header_style":"","ocean_center_header_left_menu":"0","ocean_custom_header_template":"0","ocean_custom_logo":0,"ocean_custom_retina_logo":0,"ocean_custom_logo_max_width":0,"ocean_custom_logo_tablet_max_width":0,"ocean_custom_logo_mobile_max_width":0,"ocean_custom_logo_max_height":0,"ocean_custom_logo_tablet_max_height":0,"ocean_custom_logo_mobile_max_height":0,"ocean_header_custom_menu":"0","ocean_menu_typo_font_family":"0","ocean_menu_typo_font_subset":"","ocean_menu_typo_font_size":0,"ocean_menu_typo_font_size_tablet":0,"ocean_menu_typo_font_size_mobile":0,"ocean_menu_typo_font_size_unit":"px","ocean_menu_typo_font_weight":"","ocean_menu_typo_font_weight_tablet":"","ocean_menu_typo_font_weight_mobile":"","ocean_menu_typo_transform":"","ocean_menu_typo_transform_tablet":"","ocean_menu_typo_transform_mobile":"","ocean_menu_typo_line_height":0,"ocean_menu_typo_line_height_tablet":0,"ocean_menu_typo_line_height_mobile":0,"ocean_menu_typo_line_height_unit":"","ocean_menu_typo_spacing":0,"ocean_menu_typo_spacing_tablet":0,"ocean_menu_typo_spacing_mobile":0,"ocean_menu_typo_spacing_unit":"","ocean_menu_link_color":"","ocean_menu_link_color_hover":"","ocean_menu_link_color_active":"","ocean_menu_link_background":"","ocean_menu_link_hover_background":"","ocean_menu_link_active_background":"","ocean_menu_social_links_bg":"","ocean_menu_social_hover_links_bg":"","ocean_menu_social_links_color":"","ocean_menu_social_hover_links_color":"","ocean_disable_title":"default","ocean_disable_heading":"default","ocean_post_title":"","ocean_post_subheading":"","ocean_post_title_style":"","ocean_post_title_background_color":"","ocean_post_title_background":0,"ocean_post_title_bg_image_position":"","ocean_post_title_bg_image_attachment":"","ocean_post_title_bg_image_repeat":"","ocean_post_title_bg_image_size":"","ocean_post_title_height":0,"ocean_post_title_bg_overlay":0.5,"ocean_post_title_bg_overlay_color":"","ocean_disable_breadcrumbs":"default","ocean_breadcrumbs_color":"","ocean_breadcrumbs_separator_color":"","ocean_breadcrumbs_links_color":"","ocean_breadcrumbs_links_hover_color":"","ocean_display_footer_widgets":"default","ocean_display_footer_bottom":"default","ocean_custom_footer_template":"0","jetpack_post_was_ever_published":false,"_jetpack_newsletter_access":"","_jetpack_dont_email_post_to_subs":false,"_jetpack_newsletter_tier_id":0,"_jetpack_memberships_contains_paywalled_content":false,"_jetpack_memberships_contains_paid_content":false,"ocean_post_oembed":"","ocean_post_self_hosted_media":"","ocean_post_video_embed":"","ocean_link_format":"","ocean_link_format_target":"self","ocean_quote_format":"","ocean_quote_format_link":"post","ocean_gallery_link_images":"off","ocean_gallery_id":[],"footnotes":"","jetpack_publicize_message":"","jetpack_publicize_feature_enabled":true,"jetpack_social_post_already_shared":true,"jetpack_social_options":{"image_generator_settings":{"template":"highway","default_image_id":0,"font":"","enabled":false},"version":2}},"categories":[5],"tags":[17,15,39],"class_list":["post-376","post","type-post","status-publish","format-standard","has-post-thumbnail","hentry","category-destinos","tag-destinos","tag-italia","tag-lago-de-como","entry","has-media"],"yoast_head":"<!-- This site is optimized with the Yoast SEO plugin v27.5 - https:\/\/yoast.com\/product\/yoast-seo-wordpress\/ -->\n<title>O Lago de Como, na It\u00e1lia, \u00e9 imperd\u00edvel - Picchioni pelo Mundo<\/title>\n<meta name=\"description\" content=\"O Lago de Como, na regi\u00e3o da Lombardia, norte da It\u00e1lia, surpreende por sua exuber\u00e2ncia com ar rom\u00e2ntico que n\u00e3o perde a ess\u00eancia. Picchioni pelo Mundo\" \/>\n<meta name=\"robots\" content=\"index, follow, max-snippet:-1, max-image-preview:large, max-video-preview:-1\" \/>\n<link rel=\"canonical\" href=\"https:\/\/picchioni.com.br\/blog\/o-lago-de-como-na-italia-e-imperdivel\/\" \/>\n<meta property=\"og:locale\" content=\"pt_BR\" \/>\n<meta property=\"og:type\" content=\"article\" \/>\n<meta property=\"og:title\" content=\"O Lago de Como, na It\u00e1lia, \u00e9 imperd\u00edvel - Picchioni pelo Mundo\" \/>\n<meta property=\"og:description\" content=\"O Lago de Como, na regi\u00e3o da Lombardia, norte da It\u00e1lia, surpreende por sua exuber\u00e2ncia com ar rom\u00e2ntico que n\u00e3o perde a ess\u00eancia. Picchioni pelo Mundo\" \/>\n<meta property=\"og:url\" content=\"https:\/\/picchioni.com.br\/blog\/o-lago-de-como-na-italia-e-imperdivel\/\" \/>\n<meta property=\"og:site_name\" content=\"Picchioni pelo Mundo\" \/>\n<meta property=\"article:publisher\" content=\"https:\/\/www.facebook.com\/picchionicambio\/\" \/>\n<meta property=\"article:published_time\" content=\"2019-01-15T17:06:06+00:00\" \/>\n<meta property=\"article:modified_time\" content=\"2019-01-15T19:01:44+00:00\" \/>\n<meta property=\"og:image\" content=\"https:\/\/picchioni.com.br\/blog\/wp-content\/uploads\/2019\/01\/lago-di-como.jpg\" \/>\n\t<meta property=\"og:image:width\" content=\"1600\" \/>\n\t<meta property=\"og:image:height\" content=\"1200\" \/>\n\t<meta property=\"og:image:type\" content=\"image\/jpeg\" \/>\n<meta name=\"author\" content=\"Picchioni\" \/>\n<meta name=\"twitter:card\" content=\"summary_large_image\" \/>\n<meta name=\"twitter:creator\" content=\"@PicchioniCambio\" \/>\n<meta name=\"twitter:site\" content=\"@PicchioniCambio\" \/>\n<meta name=\"twitter:label1\" content=\"Escrito por\" \/>\n\t<meta name=\"twitter:data1\" content=\"Picchioni\" \/>\n\t<meta name=\"twitter:label2\" content=\"Est. tempo de leitura\" \/>\n\t<meta name=\"twitter:data2\" content=\"2 minutos\" \/>\n<script type=\"application\/ld+json\" class=\"yoast-schema-graph\">{\"@context\":\"https:\\\/\\\/schema.org\",\"@graph\":[{\"@type\":\"Article\",\"@id\":\"https:\\\/\\\/picchioni.com.br\\\/blog\\\/o-lago-de-como-na-italia-e-imperdivel\\\/#article\",\"isPartOf\":{\"@id\":\"https:\\\/\\\/picchioni.com.br\\\/blog\\\/o-lago-de-como-na-italia-e-imperdivel\\\/\"},\"author\":{\"name\":\"Picchioni\",\"@id\":\"https:\\\/\\\/picchioni.com.br\\\/blog\\\/#\\\/schema\\\/person\\\/2fc44e7f2e757b3c2424e91b409cf90b\"},\"headline\":\"O Lago de Como, na It\u00e1lia, \u00e9 imperd\u00edvel\",\"datePublished\":\"2019-01-15T17:06:06+00:00\",\"dateModified\":\"2019-01-15T19:01:44+00:00\",\"mainEntityOfPage\":{\"@id\":\"https:\\\/\\\/picchioni.com.br\\\/blog\\\/o-lago-de-como-na-italia-e-imperdivel\\\/\"},\"wordCount\":343,\"commentCount\":0,\"publisher\":{\"@id\":\"https:\\\/\\\/picchioni.com.br\\\/blog\\\/#organization\"},\"image\":{\"@id\":\"https:\\\/\\\/picchioni.com.br\\\/blog\\\/o-lago-de-como-na-italia-e-imperdivel\\\/#primaryimage\"},\"thumbnailUrl\":\"https:\\\/\\\/picchioni.com.br\\\/blog\\\/wp-content\\\/uploads\\\/2019\\\/01\\\/lago-di-como.jpg\",\"keywords\":[\"Destinos\",\"It\u00e1lia\",\"Lago de Como\"],\"articleSection\":[\"Destinos\"],\"inLanguage\":\"pt-BR\",\"potentialAction\":[{\"@type\":\"CommentAction\",\"name\":\"Comment\",\"target\":[\"https:\\\/\\\/picchioni.com.br\\\/blog\\\/o-lago-de-como-na-italia-e-imperdivel\\\/#respond\"]}]},{\"@type\":\"WebPage\",\"@id\":\"https:\\\/\\\/picchioni.com.br\\\/blog\\\/o-lago-de-como-na-italia-e-imperdivel\\\/\",\"url\":\"https:\\\/\\\/picchioni.com.br\\\/blog\\\/o-lago-de-como-na-italia-e-imperdivel\\\/\",\"name\":\"O Lago de Como, na It\u00e1lia, \u00e9 imperd\u00edvel - Picchioni pelo Mundo\",\"isPartOf\":{\"@id\":\"https:\\\/\\\/picchioni.com.br\\\/blog\\\/#website\"},\"primaryImageOfPage\":{\"@id\":\"https:\\\/\\\/picchioni.com.br\\\/blog\\\/o-lago-de-como-na-italia-e-imperdivel\\\/#primaryimage\"},\"image\":{\"@id\":\"https:\\\/\\\/picchioni.com.br\\\/blog\\\/o-lago-de-como-na-italia-e-imperdivel\\\/#primaryimage\"},\"thumbnailUrl\":\"https:\\\/\\\/picchioni.com.br\\\/blog\\\/wp-content\\\/uploads\\\/2019\\\/01\\\/lago-di-como.jpg\",\"datePublished\":\"2019-01-15T17:06:06+00:00\",\"dateModified\":\"2019-01-15T19:01:44+00:00\",\"description\":\"O Lago de Como, na regi\u00e3o da Lombardia, norte da It\u00e1lia, surpreende por sua exuber\u00e2ncia com ar rom\u00e2ntico que n\u00e3o perde a ess\u00eancia. Picchioni pelo Mundo\",\"breadcrumb\":{\"@id\":\"https:\\\/\\\/picchioni.com.br\\\/blog\\\/o-lago-de-como-na-italia-e-imperdivel\\\/#breadcrumb\"},\"inLanguage\":\"pt-BR\",\"potentialAction\":[{\"@type\":\"ReadAction\",\"target\":[\"https:\\\/\\\/picchioni.com.br\\\/blog\\\/o-lago-de-como-na-italia-e-imperdivel\\\/\"]}]},{\"@type\":\"ImageObject\",\"inLanguage\":\"pt-BR\",\"@id\":\"https:\\\/\\\/picchioni.com.br\\\/blog\\\/o-lago-de-como-na-italia-e-imperdivel\\\/#primaryimage\",\"url\":\"https:\\\/\\\/picchioni.com.br\\\/blog\\\/wp-content\\\/uploads\\\/2019\\\/01\\\/lago-di-como.jpg\",\"contentUrl\":\"https:\\\/\\\/picchioni.com.br\\\/blog\\\/wp-content\\\/uploads\\\/2019\\\/01\\\/lago-di-como.jpg\",\"width\":1600,\"height\":1200},{\"@type\":\"BreadcrumbList\",\"@id\":\"https:\\\/\\\/picchioni.com.br\\\/blog\\\/o-lago-de-como-na-italia-e-imperdivel\\\/#breadcrumb\",\"itemListElement\":[{\"@type\":\"ListItem\",\"position\":1,\"name\":\"In\u00edcio\",\"item\":\"https:\\\/\\\/picchioni.com.br\\\/blog\\\/\"},{\"@type\":\"ListItem\",\"position\":2,\"name\":\"O Lago de Como, na It\u00e1lia, \u00e9 imperd\u00edvel\"}]},{\"@type\":\"WebSite\",\"@id\":\"https:\\\/\\\/picchioni.com.br\\\/blog\\\/#website\",\"url\":\"https:\\\/\\\/picchioni.com.br\\\/blog\\\/\",\"name\":\"Picchioni pelo Mundo\",\"description\":\"Blog de viagens da Picchioni\",\"publisher\":{\"@id\":\"https:\\\/\\\/picchioni.com.br\\\/blog\\\/#organization\"},\"potentialAction\":[{\"@type\":\"SearchAction\",\"target\":{\"@type\":\"EntryPoint\",\"urlTemplate\":\"https:\\\/\\\/picchioni.com.br\\\/blog\\\/?s={search_term_string}\"},\"query-input\":{\"@type\":\"PropertyValueSpecification\",\"valueRequired\":true,\"valueName\":\"search_term_string\"}}],\"inLanguage\":\"pt-BR\"},{\"@type\":\"Organization\",\"@id\":\"https:\\\/\\\/picchioni.com.br\\\/blog\\\/#organization\",\"name\":\"Picchioni C\u00e2mbio\",\"url\":\"https:\\\/\\\/picchioni.com.br\\\/blog\\\/\",\"logo\":{\"@type\":\"ImageObject\",\"inLanguage\":\"pt-BR\",\"@id\":\"https:\\\/\\\/picchioni.com.br\\\/blog\\\/#\\\/schema\\\/logo\\\/image\\\/\",\"url\":\"https:\\\/\\\/picchioni.com.br\\\/blog\\\/wp-content\\\/uploads\\\/2018\\\/11\\\/logo-picchioni.png\",\"contentUrl\":\"https:\\\/\\\/picchioni.com.br\\\/blog\\\/wp-content\\\/uploads\\\/2018\\\/11\\\/logo-picchioni.png\",\"width\":564,\"height\":158,\"caption\":\"Picchioni C\u00e2mbio\"},\"image\":{\"@id\":\"https:\\\/\\\/picchioni.com.br\\\/blog\\\/#\\\/schema\\\/logo\\\/image\\\/\"},\"sameAs\":[\"https:\\\/\\\/www.facebook.com\\\/picchionicambio\\\/\",\"https:\\\/\\\/x.com\\\/PicchioniCambio\",\"https:\\\/\\\/www.instagram.com\\\/picchionicambio\",\"https:\\\/\\\/www.linkedin.com\\\/picchionicambio\",\"https:\\\/\\\/br.pinterest.com\\\/picchionicambio\\\/\"]},{\"@type\":\"Person\",\"@id\":\"https:\\\/\\\/picchioni.com.br\\\/blog\\\/#\\\/schema\\\/person\\\/2fc44e7f2e757b3c2424e91b409cf90b\",\"name\":\"Picchioni\",\"image\":{\"@type\":\"ImageObject\",\"inLanguage\":\"pt-BR\",\"@id\":\"https:\\\/\\\/secure.gravatar.com\\\/avatar\\\/9edde3da1236b62cf37952c9865cc0c2444d1df2e8d3104986675d2c2d06fd62?s=96&d=mm&r=g\",\"url\":\"https:\\\/\\\/secure.gravatar.com\\\/avatar\\\/9edde3da1236b62cf37952c9865cc0c2444d1df2e8d3104986675d2c2d06fd62?s=96&d=mm&r=g\",\"contentUrl\":\"https:\\\/\\\/secure.gravatar.com\\\/avatar\\\/9edde3da1236b62cf37952c9865cc0c2444d1df2e8d3104986675d2c2d06fd62?s=96&d=mm&r=g\",\"caption\":\"Picchioni\"},\"url\":\"https:\\\/\\\/picchioni.com.br\\\/blog\\\/author\\\/mktpicchioni_blog\\\/\"}]}<\/script>\n<!-- \/ Yoast SEO plugin. -->","yoast_head_json":{"title":"O Lago de Como, na It\u00e1lia, \u00e9 imperd\u00edvel - Picchioni pelo Mundo","description":"O Lago de Como, na regi\u00e3o da Lombardia, norte da It\u00e1lia, surpreende por sua exuber\u00e2ncia com ar rom\u00e2ntico que n\u00e3o perde a ess\u00eancia. Picchioni pelo Mundo","robots":{"index":"index","follow":"follow","max-snippet":"max-snippet:-1","max-image-preview":"max-image-preview:large","max-video-preview":"max-video-preview:-1"},"canonical":"https:\/\/picchioni.com.br\/blog\/o-lago-de-como-na-italia-e-imperdivel\/","og_locale":"pt_BR","og_type":"article","og_title":"O Lago de Como, na It\u00e1lia, \u00e9 imperd\u00edvel - Picchioni pelo Mundo","og_description":"O Lago de Como, na regi\u00e3o da Lombardia, norte da It\u00e1lia, surpreende por sua exuber\u00e2ncia com ar rom\u00e2ntico que n\u00e3o perde a ess\u00eancia. Picchioni pelo Mundo","og_url":"https:\/\/picchioni.com.br\/blog\/o-lago-de-como-na-italia-e-imperdivel\/","og_site_name":"Picchioni pelo Mundo","article_publisher":"https:\/\/www.facebook.com\/picchionicambio\/","article_published_time":"2019-01-15T17:06:06+00:00","article_modified_time":"2019-01-15T19:01:44+00:00","og_image":[{"width":1600,"height":1200,"url":"https:\/\/picchioni.com.br\/blog\/wp-content\/uploads\/2019\/01\/lago-di-como.jpg","type":"image\/jpeg"}],"author":"Picchioni","twitter_card":"summary_large_image","twitter_creator":"@PicchioniCambio","twitter_site":"@PicchioniCambio","twitter_misc":{"Escrito por":"Picchioni","Est. tempo de leitura":"2 minutos"},"schema":{"@context":"https:\/\/schema.org","@graph":[{"@type":"Article","@id":"https:\/\/picchioni.com.br\/blog\/o-lago-de-como-na-italia-e-imperdivel\/#article","isPartOf":{"@id":"https:\/\/picchioni.com.br\/blog\/o-lago-de-como-na-italia-e-imperdivel\/"},"author":{"name":"Picchioni","@id":"https:\/\/picchioni.com.br\/blog\/#\/schema\/person\/2fc44e7f2e757b3c2424e91b409cf90b"},"headline":"O Lago de Como, na It\u00e1lia, \u00e9 imperd\u00edvel","datePublished":"2019-01-15T17:06:06+00:00","dateModified":"2019-01-15T19:01:44+00:00","mainEntityOfPage":{"@id":"https:\/\/picchioni.com.br\/blog\/o-lago-de-como-na-italia-e-imperdivel\/"},"wordCount":343,"commentCount":0,"publisher":{"@id":"https:\/\/picchioni.com.br\/blog\/#organization"},"image":{"@id":"https:\/\/picchioni.com.br\/blog\/o-lago-de-como-na-italia-e-imperdivel\/#primaryimage"},"thumbnailUrl":"https:\/\/picchioni.com.br\/blog\/wp-content\/uploads\/2019\/01\/lago-di-como.jpg","keywords":["Destinos","It\u00e1lia","Lago de Como"],"articleSection":["Destinos"],"inLanguage":"pt-BR","potentialAction":[{"@type":"CommentAction","name":"Comment","target":["https:\/\/picchioni.com.br\/blog\/o-lago-de-como-na-italia-e-imperdivel\/#respond"]}]},{"@type":"WebPage","@id":"https:\/\/picchioni.com.br\/blog\/o-lago-de-como-na-italia-e-imperdivel\/","url":"https:\/\/picchioni.com.br\/blog\/o-lago-de-como-na-italia-e-imperdivel\/","name":"O Lago de Como, na It\u00e1lia, \u00e9 imperd\u00edvel - Picchioni pelo Mundo","isPartOf":{"@id":"https:\/\/picchioni.com.br\/blog\/#website"},"primaryImageOfPage":{"@id":"https:\/\/picchioni.com.br\/blog\/o-lago-de-como-na-italia-e-imperdivel\/#primaryimage"},"image":{"@id":"https:\/\/picchioni.com.br\/blog\/o-lago-de-como-na-italia-e-imperdivel\/#primaryimage"},"thumbnailUrl":"https:\/\/picchioni.com.br\/blog\/wp-content\/uploads\/2019\/01\/lago-di-como.jpg","datePublished":"2019-01-15T17:06:06+00:00","dateModified":"2019-01-15T19:01:44+00:00","description":"O Lago de Como, na regi\u00e3o da Lombardia, norte da It\u00e1lia, surpreende por sua exuber\u00e2ncia com ar rom\u00e2ntico que n\u00e3o perde a ess\u00eancia. Picchioni pelo Mundo","breadcrumb":{"@id":"https:\/\/picchioni.com.br\/blog\/o-lago-de-como-na-italia-e-imperdivel\/#breadcrumb"},"inLanguage":"pt-BR","potentialAction":[{"@type":"ReadAction","target":["https:\/\/picchioni.com.br\/blog\/o-lago-de-como-na-italia-e-imperdivel\/"]}]},{"@type":"ImageObject","inLanguage":"pt-BR","@id":"https:\/\/picchioni.com.br\/blog\/o-lago-de-como-na-italia-e-imperdivel\/#primaryimage","url":"https:\/\/picchioni.com.br\/blog\/wp-content\/uploads\/2019\/01\/lago-di-como.jpg","contentUrl":"https:\/\/picchioni.com.br\/blog\/wp-content\/uploads\/2019\/01\/lago-di-como.jpg","width":1600,"height":1200},{"@type":"BreadcrumbList","@id":"https:\/\/picchioni.com.br\/blog\/o-lago-de-como-na-italia-e-imperdivel\/#breadcrumb","itemListElement":[{"@type":"ListItem","position":1,"name":"In\u00edcio","item":"https:\/\/picchioni.com.br\/blog\/"},{"@type":"ListItem","position":2,"name":"O Lago de Como, na It\u00e1lia, \u00e9 imperd\u00edvel"}]},{"@type":"WebSite","@id":"https:\/\/picchioni.com.br\/blog\/#website","url":"https:\/\/picchioni.com.br\/blog\/","name":"Picchioni pelo Mundo","description":"Blog de viagens da Picchioni","publisher":{"@id":"https:\/\/picchioni.com.br\/blog\/#organization"},"potentialAction":[{"@type":"SearchAction","target":{"@type":"EntryPoint","urlTemplate":"https:\/\/picchioni.com.br\/blog\/?s={search_term_string}"},"query-input":{"@type":"PropertyValueSpecification","valueRequired":true,"valueName":"search_term_string"}}],"inLanguage":"pt-BR"},{"@type":"Organization","@id":"https:\/\/picchioni.com.br\/blog\/#organization","name":"Picchioni C\u00e2mbio","url":"https:\/\/picchioni.com.br\/blog\/","logo":{"@type":"ImageObject","inLanguage":"pt-BR","@id":"https:\/\/picchioni.com.br\/blog\/#\/schema\/logo\/image\/","url":"https:\/\/picchioni.com.br\/blog\/wp-content\/uploads\/2018\/11\/logo-picchioni.png","contentUrl":"https:\/\/picchioni.com.br\/blog\/wp-content\/uploads\/2018\/11\/logo-picchioni.png","width":564,"height":158,"caption":"Picchioni C\u00e2mbio"},"image":{"@id":"https:\/\/picchioni.com.br\/blog\/#\/schema\/logo\/image\/"},"sameAs":["https:\/\/www.facebook.com\/picchionicambio\/","https:\/\/x.com\/PicchioniCambio","https:\/\/www.instagram.com\/picchionicambio","https:\/\/www.linkedin.com\/picchionicambio","https:\/\/br.pinterest.com\/picchionicambio\/"]},{"@type":"Person","@id":"https:\/\/picchioni.com.br\/blog\/#\/schema\/person\/2fc44e7f2e757b3c2424e91b409cf90b","name":"Picchioni","image":{"@type":"ImageObject","inLanguage":"pt-BR","@id":"https:\/\/secure.gravatar.com\/avatar\/9edde3da1236b62cf37952c9865cc0c2444d1df2e8d3104986675d2c2d06fd62?s=96&d=mm&r=g","url":"https:\/\/secure.gravatar.com\/avatar\/9edde3da1236b62cf37952c9865cc0c2444d1df2e8d3104986675d2c2d06fd62?s=96&d=mm&r=g","contentUrl":"https:\/\/secure.gravatar.com\/avatar\/9edde3da1236b62cf37952c9865cc0c2444d1df2e8d3104986675d2c2d06fd62?s=96&d=mm&r=g","caption":"Picchioni"},"url":"https:\/\/picchioni.com.br\/blog\/author\/mktpicchioni_blog\/"}]}},"jetpack_publicize_connections":[],"jetpack_featured_media_url":"https:\/\/picchioni.com.br\/blog\/wp-content\/uploads\/2019\/01\/lago-di-como.jpg","jetpack_sharing_enabled":true,"jetpack_shortlink":"https:\/\/wp.me\/paCgGf-64","_links":{"self":[{"href":"https:\/\/picchioni.com.br\/blog\/wp-json\/wp\/v2\/posts\/376","targetHints":{"allow":["GET"]}}],"collection":[{"href":"https:\/\/picchioni.com.br\/blog\/wp-json\/wp\/v2\/posts"}],"about":[{"href":"https:\/\/picchioni.com.br\/blog\/wp-json\/wp\/v2\/types\/post"}],"author":[{"embeddable":true,"href":"https:\/\/picchioni.com.br\/blog\/wp-json\/wp\/v2\/users\/4"}],"replies":[{"embeddable":true,"href":"https:\/\/picchioni.com.br\/blog\/wp-json\/wp\/v2\/comments?post=376"}],"version-history":[{"count":2,"href":"https:\/\/picchioni.com.br\/blog\/wp-json\/wp\/v2\/posts\/376\/revisions"}],"predecessor-version":[{"id":381,"href":"https:\/\/picchioni.com.br\/blog\/wp-json\/wp\/v2\/posts\/376\/revisions\/381"}],"wp:featuredmedia":[{"embeddable":true,"href":"https:\/\/picchioni.com.br\/blog\/wp-json\/wp\/v2\/media\/377"}],"wp:attachment":[{"href":"https:\/\/picchioni.com.br\/blog\/wp-json\/wp\/v2\/media?parent=376"}],"wp:term":[{"taxonomy":"category","embeddable":true,"href":"https:\/\/picchioni.com.br\/blog\/wp-json\/wp\/v2\/categories?post=376"},{"taxonomy":"post_tag","embeddable":true,"href":"https:\/\/picchioni.com.br\/blog\/wp-json\/wp\/v2\/tags?post=376"}],"curies":[{"name":"wp","href":"https:\/\/api.w.org\/{rel}","templated":true}]}}